{"id":1162,"date":"2020-08-07T12:34:00","date_gmt":"2020-08-07T10:34:00","guid":{"rendered":"http:\/\/lml-avocats.com\/?p=1162"},"modified":"2020-11-26T13:00:41","modified_gmt":"2020-11-26T12:00:41","slug":"teletravailler-oui-mais-surtout-travailler","status":"publish","type":"post","link":"https:\/\/lml-avocats.com\/en\/teletravailler-oui-mais-surtout-travailler\/","title":{"rendered":"Teleworking, yes, but above all working!"},"content":{"rendered":"\t\t<div data-elementor-type=\"wp-post\" data-elementor-id=\"1162\" class=\"elementor elementor-1162\">\n\t\t\t\t\t\t<section class=\"elementor-section elementor-top-section elementor-element elementor-element-b7679fd elementor-section-boxed elementor-section-height-default elementor-section-height-default\" data-id=\"b7679fd\" data-element_type=\"section\">\n\t\t\t\t\t\t<div class=\"elementor-container elementor-column-gap-default\">\n\t\t\t\t\t<div class=\"elementor-column elementor-col-100 elementor-top-column elementor-element elementor-element-38dbe75\" data-id=\"38dbe75\" data-element_type=\"column\">\n\t\t\t<div class=\"elementor-widget-wrap elementor-element-populated\">\n\t\t\t\t\t\t<div class=\"elementor-element elementor-element-76d8062 elementor-widget elementor-widget-text-editor\" data-id=\"76d8062\" data-element_type=\"widget\" data-widget_type=\"text-editor.default\">\n\t\t\t\t<div class=\"elementor-widget-container\">\n\t\t\t\t\t\t\t\t\t<p style=\"text-align: justify;\"><strong>Maintes fois pr\u00e9sent\u00e9 dans des articles de presse comme une panac\u00e9e pour employer des personnes handicap\u00e9es, le t\u00e9l\u00e9travail s&rsquo;est nettement d\u00e9velopp\u00e9 lors de la crise sanitaire, mais reste \u00e0 activer prudemment&#8230;<\/strong><\/p><p style=\"text-align: justify;\">Le Covid 19 nous a amen\u00e9 son lot de contrari\u00e9t\u00e9s mais a aussi ouvert les champs des possibles \u00e0 tous : salari\u00e9s, fonctionnaires, professions lib\u00e9rales, commer\u00e7ants, employeurs peuvent t\u00e9l\u00e9travailler. Certains parlent de r\u00e9volution digitale, d&rsquo;autres de d\u00e9mat\u00e9rialisation du lieu d&rsquo;ex\u00e9cution, mais en r\u00e9alit\u00e9 c&rsquo;est un moyen de promouvoir la qualit\u00e9 de vie au travail tout en minimisant les co\u00fbts de l&rsquo;entreprise.<\/p><h2 style=\"text-align: justify;\">Un bref historique.<\/h2><p style=\"text-align: justify;\">Les premi\u00e8res \u00e9tudes d\u00e9butent en 1970 aux \u00c9tats-Unis. American Telephone &amp; Telegraph (ATT), qui est le principal fournisseur de services t\u00e9l\u00e9phoniques am\u00e9ricain, pr\u00e9voit que la plupart des am\u00e9ricains travailleront \u00e0 domicile \u00e0 compter de 1990 ! En France, on commence \u00e0 l&rsquo;\u00e9voquer dans un rapport sur l&rsquo;informatisation en 1978. On parle alors d&rsquo;un travail r\u00e9alis\u00e9 de mani\u00e8re d\u00e9localis\u00e9e de sorte que ladite activit\u00e9 n\u00e9cessite l&rsquo;utilisation intensive de moyens de t\u00e9l\u00e9communications.<\/p><h2 style=\"text-align: justify;\">Le cadre l\u00e9gal en France.<\/h2><p style=\"text-align: justify;\">En 2012, l&rsquo;article L 1.222-9 du code du travail a introduit le t\u00e9l\u00e9travail comme s&rsquo;agissant de toute forme d&rsquo;organisation dans laquelle un travail qui aurait pu \u00eatre ex\u00e9cut\u00e9 dans les locaux de l&#8217;employeur est effectu\u00e9 par un salari\u00e9 hors de ses locaux, de fa\u00e7on r\u00e9guli\u00e8re et volontaire en utilisant les technologies de l&rsquo;information et de communication dans le cadre d&rsquo;un contrat de travail ou d&rsquo;un avenant \u00e0 celui-ci. Deux principes majeurs sont ainsi annonc\u00e9s : le t\u00e9l\u00e9travailleur est consid\u00e9r\u00e9 comme un salari\u00e9 \u00e0 part enti\u00e8re, le t\u00e9l\u00e9travail est bas\u00e9 sur le volontariat et le refus de t\u00e9l\u00e9travailler ne peut entra\u00eener de rupture du contrat de travail. Cela \u00e9tant, en cas d&rsquo;\u00e9pid\u00e9mie, de force majeure, la mise en \u0153uvre peut \u00eatre consid\u00e9r\u00e9e comme un am\u00e9nagement du poste de travail rendu n\u00e9cessaire pour permettre la continuit\u00e9 de l&rsquo;entreprise et garantir la protection des salari\u00e9s. Cependant, l\u00e0, le salari\u00e9 ne peut refuser la mise en place du t\u00e9l\u00e9travail.<\/p><p style=\"text-align: justify;\">Cinq ans plus tard, l&rsquo;ordonnance du 22 septembre 2017 relative \u00e0 la pr\u00e9visibilit\u00e9 et la s\u00e9curisation des relations de travail revoit sa notion de la fa\u00e7on suivante :<\/p><ul style=\"list-style-type: disc; text-align: justify;\"><li>\u00ab\u00a0de fa\u00e7on r\u00e9guli\u00e8re\u00a0\u00bb est supprim\u00e9e, c&rsquo;est dire que t\u00e9l\u00e9travail occasionnel et r\u00e9gulier ne sont plus distingu\u00e9s ;<\/li><li>suppression de l&rsquo;obligation d&rsquo;un avenant ou contrat de travail : le t\u00e9l\u00e9travail peut \u00eatre formalis\u00e9 par un accord collectif ou par une charte r\u00e9dig\u00e9e par l&#8217;employeur ;<\/li><li>reconnaissance comme \u00ab\u00a0accident du travail\u00a0\u00bb de tout accident survenu pendant des horaires de travail ;<\/li><li>il est par ailleurs reconnu un droit au t\u00e9l\u00e9travail de sorte que l&#8217;employeur doit motiver son refus de laisser \u00e0 son subordonn\u00e9 le droit d&rsquo;organiser l&rsquo;ex\u00e9cution de son contrat de travail, comme il le souhaite.<\/li><\/ul><h2 style=\"text-align: justify;\">Le cas particulier de la fonction publique.<\/h2><p style=\"text-align: justify;\">C&rsquo;est le r\u00e8gne de l&rsquo;article 133 de la loi du 12 mars 2012 de r\u00e9forme de la fonction publique. Il pr\u00e9voit strictement ce qui suit : \u00ab\u00a0Les fonctionnaires relevant de la loi n\u00b0 83-634 du 13 juillet 1983 portant droits et obligations des fonctionnaires peuvent exercer leurs fonctions dans le cadre du t\u00e9l\u00e9travail tel qu&rsquo;il est d\u00e9fini au premier alin\u00e9a de l&rsquo;article L. 1222-9 du code du travail.\u00a0\u00bb Il est accord\u00e9 \u00e0 la demande du fonctionnaire et apr\u00e8s d\u00e9cision du chef de service, il y est mis fin \u00e0 tout moment, avec pr\u00e9avis. Les fonctionnaires, agents publics non fonctionnaires et les magistrats \u00ab\u00a0t\u00e9l\u00e9travailleurs b\u00e9n\u00e9ficient des droits pr\u00e9vus par la l\u00e9gislation et la r\u00e9glementation applicables aux agents exer\u00e7ant leurs fonctions dans les locaux de leur employeur public.\u00a0\u00bb<\/p><p style=\"text-align: justify;\">Il a \u00e9t\u00e9 compl\u00e9t\u00e9 par le d\u00e9cret du 5 mai 2020 modifiant celui du 11 f\u00e9vrier 2016 relatif aux conditions et modalit\u00e9s de mise en \u0153uvre du t\u00e9l\u00e9travail dans la fonction publique et la magistrature. Ces dispositions principales sont en effet plus pr\u00e9cises mais c&rsquo;\u00e9tait en r\u00e9alit\u00e9 une n\u00e9cessit\u00e9 : \u00ab\u00a0Le t\u00e9l\u00e9travail peut \u00eatre organis\u00e9 au domicile de l&rsquo;agent, dans un autre lieu priv\u00e9 ou dans tout lieu \u00e0 usage professionnel. Un agent peut b\u00e9n\u00e9ficier au titre d&rsquo;une m\u00eame autorisation de ces diff\u00e9rentes possibilit\u00e9s [&#8230;] L&rsquo;autorisation de t\u00e9l\u00e9travail est d\u00e9livr\u00e9e pour un recours r\u00e9gulier ou ponctuel au t\u00e9l\u00e9travail. Elle peut pr\u00e9voir l&rsquo;attribution de jours de t\u00e9l\u00e9travail fixes au cours de la semaine ou du mois ainsi que l&rsquo;attribution d&rsquo;un volume de jours flottants de t\u00e9l\u00e9travail par semaine, par mois ou par an dont l&rsquo;agent peut demander l&rsquo;utilisation \u00e0 l&rsquo;autorit\u00e9 responsable de la gestion de ses cong\u00e9s.\u00a0\u00bb Ces diff\u00e9rentes modalit\u00e9s peuvent \u00eatre mises en \u0153uvre au titre d&rsquo;une m\u00eame autorisation.<\/p><p style=\"text-align: justify;\">Les agents handicap\u00e9s, les femmes enceintes et ceux dont l&rsquo;\u00e9tat de sant\u00e9 le justifie peuvent d\u00e9roger \u00e0 ces modalit\u00e9s sur leur demande et b\u00e9n\u00e9ficier d&rsquo;une quotit\u00e9 hebdomadaire de t\u00e9l\u00e9travail sup\u00e9rieure aux trois jours de droit commun, pour une dur\u00e9e de six mois maximum, et apr\u00e8s avis du service de m\u00e9decine pr\u00e9ventive ou du m\u00e9decin du travail ; cette d\u00e9rogation est renouvelable, apr\u00e8s avis du service de m\u00e9decine pr\u00e9ventive ou du m\u00e9decin du travail. Autre d\u00e9rogation possible, \u00ab\u00a0lorsqu&rsquo;une autorisation temporaire de t\u00e9l\u00e9travail a \u00e9t\u00e9 demand\u00e9e et accord\u00e9e en raison d&rsquo;une situation exceptionnelle perturbant l&rsquo;acc\u00e8s au service ou le travail sur site.\u00a0\u00bb Le t\u00e9l\u00e9travail est accord\u00e9 sur demande \u00e9crite de l&rsquo;agent, et une attestation de conformit\u00e9 \u00ab\u00a0aux sp\u00e9cifications techniques\u00a0\u00bb des installations du domicile de l&rsquo;agent ou d&rsquo;un autre lieu priv\u00e9 est requise ; les am\u00e9nagements de poste n\u00e9cessaires doivent \u00eatre mis en \u0153uvre par la hi\u00e9rarchie. Toutefois, \u00ab\u00a0le chef de service, l&rsquo;autorit\u00e9 territoriale ou l&rsquo;autorit\u00e9 investie du pouvoir de nomination appr\u00e9cie la compatibilit\u00e9 de la demande avec la nature des activit\u00e9s exerc\u00e9es et l&rsquo;int\u00e9r\u00eat du service.\u00a0\u00bb Une r\u00e9ponse \u00e9crite doit \u00eatre donn\u00e9e \u00e0 cette demande dans un d\u00e9lai d&rsquo;un mois au plus, et il \u00ab\u00a0peut \u00eatre mis fin \u00e0 cette forme d&rsquo;organisation du travail, \u00e0 tout moment et par \u00e9crit, \u00e0 l&rsquo;initiative de l&rsquo;administration ou de l&rsquo;agent, moyennant un d\u00e9lai de pr\u00e9venance de deux mois [&#8230;] Le refus oppos\u00e9 \u00e0 une demande d&rsquo;autorisation de t\u00e9l\u00e9travail ainsi que l&rsquo;interruption du t\u00e9l\u00e9travail \u00e0 l&rsquo;initiative de l&rsquo;administration doivent \u00eatre motiv\u00e9s et pr\u00e9c\u00e9d\u00e9s d&rsquo;un entretien.\u00a0\u00bb<\/p><h2 style=\"text-align: justify;\">Quelles aides financi\u00e8res ?<\/h2><p style=\"text-align: justify;\">Il convient que l&#8217;employeur soit indemnis\u00e9 des travaux \u00e0 mettre en place en cas d&rsquo;accueil d&rsquo;une personne pr\u00e9sentant un handicap. Dans les trois fonctions publiques, le Fonds pour l&rsquo;insertion des personnes handicap\u00e9es dans la fonction publique (FIPHFP) accorde dans le cadre de la pand\u00e9mie actuelle de Covid-19 une subvention de 1.000\u20ac pour favoriser le travail \u00e0 domicile des agents handicap\u00e9s qui n&rsquo;\u00e9taient pas en t\u00e9l\u00e9travail avant le d\u00e9but du confinement, le 16 mars 2020. Cette aide couvre l&rsquo;achat d&rsquo;un \u00e9quipement informatique et la connexion \u00e0 distance. Pour le secteur priv\u00e9, l&rsquo;Agefiph propose une subvention d&rsquo;un m\u00eame montant de 1.000\u20ac pour financer les \u00e9quipements n\u00e9cessaires pour le poste de travail (\u00e9quipement informatique, si\u00e8ge de bureau, co\u00fbts li\u00e9s au transport du mat\u00e9riel, surco\u00fbt des liaisons Internet). Ces aides ne couvrent pas la mise \u00e0 disposition du local et par cons\u00e9quent les travaux dudit local, des frais li\u00e9s \u00e0 l&rsquo;espace de travail tels que le chauffage, \u00e9lectricit\u00e9. L&rsquo;\u00e9ventuelle \u00e9tude de poste de t\u00e9l\u00e9travail est gratuite et mise en oeuvre par les prestataires choisis par le FIPHFP et l&rsquo;Agefiph. Pour cette derni\u00e8re, c&rsquo;est le prestataire qui r\u00e9alise l&rsquo;\u00e9tude qui d\u00e9finit \u00e9galement les montants \u00e0 retenir pour la prise en charge par l&rsquo;organisme, en identifiant ce qui rel\u00e8ve de la compensation du handicap.<\/p><h2 style=\"text-align: justify;\">Les gains li\u00e9s au t\u00e9l\u00e9travail.<\/h2><p style=\"text-align: justify;\">Il est important de noter que l&rsquo;\u00e9volution vers le travail permet aux travailleurs handicap\u00e9s une meilleure gestion du quotidien et \u00e9vite la perte de temps dans les transports, ainsi que les difficult\u00e9s li\u00e9es \u00e0 l'(in)accessibilit\u00e9. Elle ouvre la possibilit\u00e9 de vivre loin de son lieu de travail dans les logements moins chers que dans les centres-villes, avec une flexibilit\u00e9 des horaires et une plus grande autonomie dans la gestion des t\u00e2ches. Et bien s\u00fbr une meilleure conciliation entre la vie priv\u00e9e et la vie professionnelle. Cependant, cette \u00e9volution n&rsquo;est pas sans risques. Le t\u00e9l\u00e9travail peut g\u00e9n\u00e9rer un isolement social, de la d\u00e9motivation professionnelle sp\u00e9cialement chez les jeunes comme le constate cette enqu\u00eate r\u00e9alis\u00e9e pendant le confinement, une confusion entre vie professionnelle et priv\u00e9e, un d\u00e9passement des heures de travail.<\/p><p style=\"text-align: justify;\">Alors on t\u00e9l\u00e9travaille, oui, mais on travaille !<\/p>\t\t\t\t\t\t\t\t<\/div>\n\t\t\t\t<\/div>\n\t\t\t\t\t<\/div>\n\t\t<\/div>\n\t\t\t\t\t<\/div>\n\t\t<\/section>\n\t\t\t\t<\/div>\n\t\t","protected":false},"excerpt":{"rendered":"<p>Maintes fois pr\u00e9sent\u00e9 dans des articles de presse comme une panac\u00e9e pour employer des personnes handicap\u00e9es, le t\u00e9l\u00e9travail s&rsquo;est nettement d\u00e9velopp\u00e9 lors de la crise sanitaire, mais reste \u00e0 activer prudemment&#8230; Le Covid 19 nous a amen\u00e9 son lot de contrari\u00e9t\u00e9s mais a aussi ouvert les champs des possibles \u00e0 tous : salari\u00e9s, fonctionnaires, professions [&hellip;]<\/p>\n","protected":false},"author":1,"featured_media":0,"comment_status":"closed","ping_status":"open","sticky":false,"template":"","format":"standard","meta":{"ocean_post_layout":"","ocean_both_sidebars_style":"","ocean_both_sidebars_content_width":0,"ocean_both_sidebars_sidebars_width":0,"ocean_sidebar":"0","ocean_second_sidebar":"0","ocean_disable_margins":"enable","ocean_add_body_class":"","ocean_shortcode_before_top_bar":"","ocean_shortcode_after_top_bar":"","ocean_shortcode_before_header":"","ocean_shortcode_after_header":"","ocean_has_shortcode":"","ocean_shortcode_after_title":"","ocean_shortcode_before_footer_widgets":"","ocean_shortcode_after_footer_widgets":"","ocean_shortcode_before_footer_bottom":"","ocean_shortcode_after_footer_bottom":"","ocean_display_top_bar":"off","ocean_display_header":"default","ocean_header_style":"minimal","ocean_center_header_left_menu":"0","ocean_custom_header_template":"0","ocean_custom_logo":0,"ocean_custom_retina_logo":0,"ocean_custom_logo_max_width":0,"ocean_custom_logo_tablet_max_width":0,"ocean_custom_logo_mobile_max_width":0,"ocean_custom_logo_max_height":0,"ocean_custom_logo_tablet_max_height":0,"ocean_custom_logo_mobile_max_height":0,"ocean_header_custom_menu":"0","ocean_menu_typo_font_family":"0","ocean_menu_typo_font_subset":"","ocean_menu_typo_font_size":0,"ocean_menu_typo_font_size_tablet":0,"ocean_menu_typo_font_size_mobile":0,"ocean_menu_typo_font_size_unit":"px","ocean_menu_typo_font_weight":"","ocean_menu_typo_font_weight_tablet":"","ocean_menu_typo_font_weight_mobile":"","ocean_menu_typo_transform":"","ocean_menu_typo_transform_tablet":"","ocean_menu_typo_transform_mobile":"","ocean_menu_typo_line_height":0,"ocean_menu_typo_line_height_tablet":0,"ocean_menu_typo_line_height_mobile":0,"ocean_menu_typo_line_height_unit":"","ocean_menu_typo_spacing":0,"ocean_menu_typo_spacing_tablet":0,"ocean_menu_typo_spacing_mobile":0,"ocean_menu_typo_spacing_unit":"","ocean_menu_link_color":"","ocean_menu_link_color_hover":"","ocean_menu_link_color_active":"","ocean_menu_link_background":"","ocean_menu_link_hover_background":"","ocean_menu_link_active_background":"","ocean_menu_social_links_bg":"","ocean_menu_social_hover_links_bg":"","ocean_menu_social_links_color":"","ocean_menu_social_hover_links_color":"","ocean_disable_title":"default","ocean_disable_heading":"default","ocean_post_title":"","ocean_post_subheading":"","ocean_post_title_style":"","ocean_post_title_background_color":"","ocean_post_title_background":0,"ocean_post_title_bg_image_position":"","ocean_post_title_bg_image_attachment":"","ocean_post_title_bg_image_repeat":"","ocean_post_title_bg_image_size":"","ocean_post_title_height":0,"ocean_post_title_bg_overlay":0.5,"ocean_post_title_bg_overlay_color":"","ocean_disable_breadcrumbs":"default","ocean_breadcrumbs_color":"","ocean_breadcrumbs_separator_color":"","ocean_breadcrumbs_links_color":"","ocean_breadcrumbs_links_hover_color":"","ocean_display_footer_widgets":"default","ocean_display_footer_bottom":"default","ocean_custom_footer_template":"0","ocean_post_oembed":"","ocean_post_self_hosted_media":"","ocean_post_video_embed":"","ocean_link_format":"","ocean_link_format_target":"self","ocean_quote_format":"","ocean_quote_format_link":"post","ocean_gallery_link_images":"off","ocean_gallery_id":[],"footnotes":""},"categories":[5],"tags":[],"_links":{"self":[{"href":"https:\/\/lml-avocats.com\/en\/wp-json\/wp\/v2\/posts\/1162"}],"collection":[{"href":"https:\/\/lml-avocats.com\/en\/wp-json\/wp\/v2\/posts"}],"about":[{"href":"https:\/\/lml-avocats.com\/en\/wp-json\/wp\/v2\/types\/post"}],"author":[{"embeddable":true,"href":"https:\/\/lml-avocats.com\/en\/wp-json\/wp\/v2\/users\/1"}],"replies":[{"embeddable":true,"href":"https:\/\/lml-avocats.com\/en\/wp-json\/wp\/v2\/comments?post=1162"}],"version-history":[{"count":6,"href":"https:\/\/lml-avocats.com\/en\/wp-json\/wp\/v2\/posts\/1162\/revisions"}],"predecessor-version":[{"id":1845,"href":"https:\/\/lml-avocats.com\/en\/wp-json\/wp\/v2\/posts\/1162\/revisions\/1845"}],"wp:attachment":[{"href":"https:\/\/lml-avocats.com\/en\/wp-json\/wp\/v2\/media?parent=1162"}],"wp:term":[{"taxonomy":"category","embeddable":true,"href":"https:\/\/lml-avocats.com\/en\/wp-json\/wp\/v2\/categories?post=1162"},{"taxonomy":"post_tag","embeddable":true,"href":"https:\/\/lml-avocats.com\/en\/wp-json\/wp\/v2\/tags?post=1162"}],"curies":[{"name":"wp","href":"https:\/\/api.w.org\/{rel}","templated":true}]}}